{"id":104,"date":"2015-01-27T00:00:00","date_gmt":"2015-01-27T00:00:00","guid":{"rendered":"https:\/\/eventosleyton.es\/index.php\/2015\/01\/27\/buscando-el-regalo-ideal-para-el-bebe-de-miriam-mario\/"},"modified":"2025-11-28T11:58:29","modified_gmt":"2025-11-28T11:58:29","slug":"buscando-el-regalo-ideal-para-el-bebe-de-miriam-mario","status":"publish","type":"post","link":"https:\/\/eventosleyton.es\/index.php\/2015\/01\/27\/buscando-el-regalo-ideal-para-el-bebe-de-miriam-mario\/","title":{"rendered":"BUSCANDO EL REGALO IDEAL PARA EL BEBE DE MIRIAM, MARIO!!!"},"content":{"rendered":"\t\t<div data-elementor-type=\"wp-post\" data-elementor-id=\"104\" class=\"elementor elementor-104\" data-elementor-post-type=\"post\">\n\t\t\t\t\t\t<section class=\"elementor-section elementor-top-section elementor-element elementor-element-62b89aba elementor-section-boxed elementor-section-height-default elementor-section-height-default\" data-id=\"62b89aba\" data-element_type=\"section\" data-e-type=\"section\">\n\t\t\t\t\t\t<div class=\"elementor-container elementor-column-gap-default\">\n\t\t\t\t\t<div class=\"elementor-column elementor-col-100 elementor-top-column elementor-element elementor-element-79cb9998\" data-id=\"79cb9998\" data-element_type=\"column\" data-e-type=\"column\">\n\t\t\t<div class=\"elementor-widget-wrap elementor-element-populated\">\n\t\t\t\t\t\t<div class=\"elementor-element elementor-element-417b84b3 elementor-widget elementor-widget-text-editor\" data-id=\"417b84b3\" data-element_type=\"widget\" data-e-type=\"widget\" data-widget_type=\"text-editor.default\">\n\t\t\t\t<div class=\"elementor-widget-container\">\n\t\t\t\t\t\t\t\t\t<p style=\"text-align: justify;\">Buenas a tod@s:<\/p>\n<p style=\"text-align: justify;\">Cuando mi mejor amiga, Miriam, me avis\u00f3 para decirme que ya hab\u00eda nacido Mario, me llev\u00e9 todo el d\u00eda pensando que regalarle.<\/p>\n<p style=\"text-align: justify;\">Como ya sab\u00e9is algunos, soy mam\u00e1 desde hace unos a\u00f1os, pero a\u00fan recuerdo aquel maravilloso d\u00eda en el que mi hijo naci\u00f3.<\/p>\n<p style=\"text-align: justify;\">Por tanto, s\u00e9 lo que es tener todo preparado para la llegada de nuestro beb\u00e9, y para m\u00ed, una gran equivocaci\u00f3n sin duda, de la mayor\u00eda, es regalar ropita de canastilla; \u00a0es obvio, que su mam\u00e1 y la familia, se ha encargado durante los 9 meses de su gestaci\u00f3n, en tenerlo todo apunto para el gran d\u00eda.<\/p>\n<p style=\"text-align: justify;\">Por tanto, no quer\u00eda caer en ese error, ya que, recuerdo como tuve que guardar en el trastero infinidad de ropitas\u00a0bien bonitas, incluso con etiquetas, porque me falt\u00f3 tiempo para pon\u00e9rselas.<\/p>\n<p style=\"text-align: justify;\">\u00a1\u00a1\u00a0Los beb\u00e9s a esa edad crecen muy r\u00e1pido!!<\/p>\n<p style=\"text-align: justify;\">As\u00ed que, d\u00e1ndole vueltas y vueltas, quer\u00eda que mi regalo fuera especial, que no quedara, en una caja del trastero de mi amiga, sino que estuviera presente en el tiempo y que fuera algo, que Miriam recordara con cari\u00f1o.<\/p>\n<p style=\"text-align: justify;\">Bien, pues despu\u00e9s de llevarme un tiempo d\u00e1ndole vueltas a la cabeza, decid\u00ed crear una <em><strong>\u00abLamina de Nacimiento de<\/strong> <strong>Mario\u00bb<\/strong><\/em> y una <em><strong>\u00abGuirnalda con su nombre\u00bb<\/strong><\/em> para ponerlo en su cuarto, as\u00ed de esta forma siempre recordar\u00edan mi regalo. Por supuesto, todo acorde con su dormitorio.<\/p>\n<p style=\"text-align: justify;\">Lo primero que hice fue dise\u00f1ar su imagen gr\u00e1fica, y como su dormitorio esta pintado de animalitos, decid\u00ed que ser\u00eda una jirafa.<\/p>\n<p style=\"text-align: justify;\">Luego, estudi\u00e9 bien el colorido, sin duda el celeste-grisaceo quedar\u00eda ideal, ya que todo estaba combinado con estas tonalidades.<\/p>\n<p style=\"text-align: justify;\">Aprovech\u00e9, para hacer varias etiquetas con la imagen gr\u00e1fica que dise\u00f1\u00e9 para Mario, y en otros detallitos que le llevaba, las utilic\u00e9 para decorarlos.<\/p>\n<p style=\"text-align: justify;\">Aqu\u00ed os muestro como qued\u00f3 todo:<\/p>\n.\n\n<figure style=\"width: 548px\" class=\"wp-caption aligncenter\"><img fetchpriority=\"high\" decoding=\"async\" class=\"attachment-266x266\" src=\"https:\/\/eventosleyton.files.wordpress.com\/2015\/01\/document.jpg?w=266\" alt=\"document\" width=\"548\" height=\"386\" \/><figcaption class=\"wp-caption-text\">Imagen tomada de Eventosleyton<\/figcaption><\/figure>\n\n&nbsp;\n\nCuando Miriam\u00a0lo vi\u00f3 , not\u00e9 claramente en sus gestos, su cara de sorpresa, ya que de la misma caja de regalo que yo misma cre\u00e9, fui sacando todos los detallitos\u00a0que llevaba y por \u00faltimo, le d\u00ed mi creaci\u00f3n.\n\nTal fue as\u00ed, \u00a0que a su marido cuando lleg\u00f3 a casa le gust\u00f3 tanto, que al d\u00eda siguiente me envi\u00f3 estas fotos, fijaos que ideal\u00a0queda:\n\n<figure style=\"width: 548px\" class=\"wp-caption aligncenter\"><img decoding=\"async\" class=\"attachment-266x266\" src=\"https:\/\/eventosleyton.files.wordpress.com\/2015\/01\/document1.jpg?w=266\" alt=\"Lamina Mario\" width=\"548\" height=\"383\" \/><figcaption class=\"wp-caption-text\">Imagen tomada de Eventosleyton<\/figcaption><\/figure>\n\n<figure style=\"width: 548px\" class=\"wp-caption aligncenter\"><img decoding=\"async\" class=\"attachment-266x266\" src=\"https:\/\/eventosleyton.files.wordpress.com\/2015\/01\/document2.jpg?w=266\" alt=\"document2\" width=\"548\" height=\"390\" \/><figcaption class=\"wp-caption-text\">Imagen tomada Eventosleyton<\/figcaption><\/figure>\n\n&nbsp;\n\n<figure style=\"width: 548px\" class=\"wp-caption aligncenter\"><img loading=\"lazy\" decoding=\"async\" class=\"attachment-266x266\" src=\"https:\/\/eventosleyton.files.wordpress.com\/2015\/01\/document3.jpg?w=266\" alt=\"Lamina Cuarto\" width=\"548\" height=\"383\" \/><figcaption class=\"wp-caption-text\">Imagen tomada de Eventosleyton<\/figcaption><\/figure>\n<p style=\"text-align: justify;\">Espero, que os haya gustado tanto como a m\u00ed&#8230;<\/p>\n\u00a0\t\t\t\t\t\t\t\t<\/div>\n\t\t\t\t<\/div>\n\t\t\t\t\t<\/div>\n\t\t<\/div>\n\t\t\t\t\t<\/div>\n\t\t<\/section>\n\t\t\t\t<\/div>\n\t\t","protected":false},"excerpt":{"rendered":"<p>Buenas a tod@s: Cuando mi mejor amiga, Miriam, me avis\u00f3 para decirme que ya hab\u00eda nacido Mario, me llev\u00e9 todo el d\u00eda pensando que regalarle. Como ya sab\u00e9is algunos, soy mam\u00e1 desde hace unos a\u00f1os, pero a\u00fan recuerdo aquel maravilloso d\u00eda en el que mi hijo naci\u00f3. Por tanto, s\u00e9 lo que es tener todo [&hellip;]<\/p>\n","protected":false},"author":1,"featured_media":0,"comment_status":"closed","ping_status":"closed","sticky":false,"template":"","format":"standard","meta":{"footnotes":""},"categories":[4],"tags":[26,18,27,28,29,30,31,32],"class_list":["post-104","post","type-post","status-publish","format-standard","hentry","category-sin-categoria","tag-detalles-para-bebe-en-jerez-de-la-frontera","tag-eventosleyton","tag-guirnalda-nombre","tag-lamina-de-nacimiento-bebe","tag-mario","tag-miriam","tag-regalo-con-carino","tag-regalo-original-bebe","entry"],"yoast_head":"<!-- This site is optimized with the Yoast SEO plugin v27.5 - https:\/\/yoast.com\/product\/yoast-seo-wordpress\/ -->\n<title>BUSCANDO EL REGALO IDEAL PARA EL BEBE DE MIRIAM, MARIO!!! - Eventos Leyton<\/title>\n<meta name=\"robots\" content=\"index, follow, max-snippet:-1, max-image-preview:large, max-video-preview:-1\" \/>\n<link rel=\"canonical\" href=\"https:\/\/eventosleyton.es\/index.php\/2015\/01\/27\/buscando-el-regalo-ideal-para-el-bebe-de-miriam-mario\/\" \/>\n<meta property=\"og:locale\" content=\"es_ES\" \/>\n<meta property=\"og:type\" content=\"article\" \/>\n<meta property=\"og:title\" content=\"BUSCANDO EL REGALO IDEAL PARA EL BEBE DE MIRIAM, MARIO!!! - Eventos Leyton\" \/>\n<meta property=\"og:description\" content=\"Buenas a tod@s: Cuando mi mejor amiga, Miriam, me avis\u00f3 para decirme que ya hab\u00eda nacido Mario, me llev\u00e9 todo el d\u00eda pensando que regalarle. Como ya sab\u00e9is algunos, soy mam\u00e1 desde hace unos a\u00f1os, pero a\u00fan recuerdo aquel maravilloso d\u00eda en el que mi hijo naci\u00f3. Por tanto, s\u00e9 lo que es tener todo [&hellip;]\" \/>\n<meta property=\"og:url\" content=\"https:\/\/eventosleyton.es\/index.php\/2015\/01\/27\/buscando-el-regalo-ideal-para-el-bebe-de-miriam-mario\/\" \/>\n<meta property=\"og:site_name\" content=\"Eventos Leyton\" \/>\n<meta property=\"article:published_time\" content=\"2015-01-27T00:00:00+00:00\" \/>\n<meta property=\"article:modified_time\" content=\"2025-11-28T11:58:29+00:00\" \/>\n<meta property=\"og:image\" content=\"https:\/\/eventosleyton.files.wordpress.com\/2015\/01\/document.jpg?w=266\" \/>\n<meta name=\"author\" content=\"eventosLeyton\" \/>\n<meta name=\"twitter:card\" content=\"summary_large_image\" \/>\n<meta name=\"twitter:label1\" content=\"Escrito por\" \/>\n\t<meta name=\"twitter:data1\" content=\"eventosLeyton\" \/>\n<script type=\"application\/ld+json\" class=\"yoast-schema-graph\">{\"@context\":\"https:\\\/\\\/schema.org\",\"@graph\":[{\"@type\":\"Article\",\"@id\":\"https:\\\/\\\/eventosleyton.es\\\/index.php\\\/2015\\\/01\\\/27\\\/buscando-el-regalo-ideal-para-el-bebe-de-miriam-mario\\\/#article\",\"isPartOf\":{\"@id\":\"https:\\\/\\\/eventosleyton.es\\\/index.php\\\/2015\\\/01\\\/27\\\/buscando-el-regalo-ideal-para-el-bebe-de-miriam-mario\\\/\"},\"author\":{\"name\":\"eventosLeyton\",\"@id\":\"https:\\\/\\\/eventosleyton.es\\\/#\\\/schema\\\/person\\\/69fcc178955eee09d29e793e5ffa5a08\"},\"headline\":\"BUSCANDO EL REGALO IDEAL PARA EL BEBE DE MIRIAM, MARIO!!!\",\"datePublished\":\"2015-01-27T00:00:00+00:00\",\"dateModified\":\"2025-11-28T11:58:29+00:00\",\"mainEntityOfPage\":{\"@id\":\"https:\\\/\\\/eventosleyton.es\\\/index.php\\\/2015\\\/01\\\/27\\\/buscando-el-regalo-ideal-para-el-bebe-de-miriam-mario\\\/\"},\"wordCount\":452,\"publisher\":{\"@id\":\"https:\\\/\\\/eventosleyton.es\\\/#organization\"},\"image\":{\"@id\":\"https:\\\/\\\/eventosleyton.es\\\/index.php\\\/2015\\\/01\\\/27\\\/buscando-el-regalo-ideal-para-el-bebe-de-miriam-mario\\\/#primaryimage\"},\"thumbnailUrl\":\"https:\\\/\\\/eventosleyton.files.wordpress.com\\\/2015\\\/01\\\/document.jpg?w=266\",\"keywords\":[\"detalles para beb\u00e9 en Jerez de la Frontera\",\"EventosLeyton\",\"guirnalda nombre\",\"l\u00e1mina de nacimiento beb\u00e9\",\"Mario\",\"Miriam\",\"regalo con cari\u00f1o\",\"regalo original bebe\"],\"inLanguage\":\"es\"},{\"@type\":\"WebPage\",\"@id\":\"https:\\\/\\\/eventosleyton.es\\\/index.php\\\/2015\\\/01\\\/27\\\/buscando-el-regalo-ideal-para-el-bebe-de-miriam-mario\\\/\",\"url\":\"https:\\\/\\\/eventosleyton.es\\\/index.php\\\/2015\\\/01\\\/27\\\/buscando-el-regalo-ideal-para-el-bebe-de-miriam-mario\\\/\",\"name\":\"BUSCANDO EL REGALO IDEAL PARA EL BEBE DE MIRIAM, MARIO!!! - Eventos Leyton\",\"isPartOf\":{\"@id\":\"https:\\\/\\\/eventosleyton.es\\\/#website\"},\"primaryImageOfPage\":{\"@id\":\"https:\\\/\\\/eventosleyton.es\\\/index.php\\\/2015\\\/01\\\/27\\\/buscando-el-regalo-ideal-para-el-bebe-de-miriam-mario\\\/#primaryimage\"},\"image\":{\"@id\":\"https:\\\/\\\/eventosleyton.es\\\/index.php\\\/2015\\\/01\\\/27\\\/buscando-el-regalo-ideal-para-el-bebe-de-miriam-mario\\\/#primaryimage\"},\"thumbnailUrl\":\"https:\\\/\\\/eventosleyton.files.wordpress.com\\\/2015\\\/01\\\/document.jpg?w=266\",\"datePublished\":\"2015-01-27T00:00:00+00:00\",\"dateModified\":\"2025-11-28T11:58:29+00:00\",\"breadcrumb\":{\"@id\":\"https:\\\/\\\/eventosleyton.es\\\/index.php\\\/2015\\\/01\\\/27\\\/buscando-el-regalo-ideal-para-el-bebe-de-miriam-mario\\\/#breadcrumb\"},\"inLanguage\":\"es\",\"potentialAction\":[{\"@type\":\"ReadAction\",\"target\":[\"https:\\\/\\\/eventosleyton.es\\\/index.php\\\/2015\\\/01\\\/27\\\/buscando-el-regalo-ideal-para-el-bebe-de-miriam-mario\\\/\"]}]},{\"@type\":\"ImageObject\",\"inLanguage\":\"es\",\"@id\":\"https:\\\/\\\/eventosleyton.es\\\/index.php\\\/2015\\\/01\\\/27\\\/buscando-el-regalo-ideal-para-el-bebe-de-miriam-mario\\\/#primaryimage\",\"url\":\"https:\\\/\\\/eventosleyton.files.wordpress.com\\\/2015\\\/01\\\/document.jpg?w=266\",\"contentUrl\":\"https:\\\/\\\/eventosleyton.files.wordpress.com\\\/2015\\\/01\\\/document.jpg?w=266\"},{\"@type\":\"BreadcrumbList\",\"@id\":\"https:\\\/\\\/eventosleyton.es\\\/index.php\\\/2015\\\/01\\\/27\\\/buscando-el-regalo-ideal-para-el-bebe-de-miriam-mario\\\/#breadcrumb\",\"itemListElement\":[{\"@type\":\"ListItem\",\"position\":1,\"name\":\"Home\",\"item\":\"https:\\\/\\\/eventosleyton.es\\\/\"},{\"@type\":\"ListItem\",\"position\":2,\"name\":\"BUSCANDO EL REGALO IDEAL PARA EL BEBE DE MIRIAM, MARIO!!!\"}]},{\"@type\":\"WebSite\",\"@id\":\"https:\\\/\\\/eventosleyton.es\\\/#website\",\"url\":\"https:\\\/\\\/eventosleyton.es\\\/\",\"name\":\"Eventos Leyton\",\"description\":\"Wedding &amp; Party Center\",\"publisher\":{\"@id\":\"https:\\\/\\\/eventosleyton.es\\\/#organization\"},\"potentialAction\":[{\"@type\":\"SearchAction\",\"target\":{\"@type\":\"EntryPoint\",\"urlTemplate\":\"https:\\\/\\\/eventosleyton.es\\\/?s={search_term_string}\"},\"query-input\":{\"@type\":\"PropertyValueSpecification\",\"valueRequired\":true,\"valueName\":\"search_term_string\"}}],\"inLanguage\":\"es\"},{\"@type\":\"Organization\",\"@id\":\"https:\\\/\\\/eventosleyton.es\\\/#organization\",\"name\":\"Eventos Leyton\",\"url\":\"https:\\\/\\\/eventosleyton.es\\\/\",\"logo\":{\"@type\":\"ImageObject\",\"inLanguage\":\"es\",\"@id\":\"https:\\\/\\\/eventosleyton.es\\\/#\\\/schema\\\/logo\\\/image\\\/\",\"url\":\"https:\\\/\\\/eventosleyton.es\\\/wp-content\\\/uploads\\\/2020\\\/08\\\/cropped-logo.png\",\"contentUrl\":\"https:\\\/\\\/eventosleyton.es\\\/wp-content\\\/uploads\\\/2020\\\/08\\\/cropped-logo.png\",\"width\":257,\"height\":200,\"caption\":\"Eventos Leyton\"},\"image\":{\"@id\":\"https:\\\/\\\/eventosleyton.es\\\/#\\\/schema\\\/logo\\\/image\\\/\"}},{\"@type\":\"Person\",\"@id\":\"https:\\\/\\\/eventosleyton.es\\\/#\\\/schema\\\/person\\\/69fcc178955eee09d29e793e5ffa5a08\",\"name\":\"eventosLeyton\",\"image\":{\"@type\":\"ImageObject\",\"inLanguage\":\"es\",\"@id\":\"https:\\\/\\\/secure.gravatar.com\\\/avatar\\\/21ff8cfdff0960201c50f0055a760c36f291433a98804423672826b17e6658c9?s=96&d=mm&r=g\",\"url\":\"https:\\\/\\\/secure.gravatar.com\\\/avatar\\\/21ff8cfdff0960201c50f0055a760c36f291433a98804423672826b17e6658c9?s=96&d=mm&r=g\",\"contentUrl\":\"https:\\\/\\\/secure.gravatar.com\\\/avatar\\\/21ff8cfdff0960201c50f0055a760c36f291433a98804423672826b17e6658c9?s=96&d=mm&r=g\",\"caption\":\"eventosLeyton\"},\"sameAs\":[\"https:\\\/\\\/eventosleyton.es\"],\"url\":\"https:\\\/\\\/eventosleyton.es\\\/index.php\\\/author\\\/eventosleyton\\\/\"}]}<\/script>\n<!-- \/ Yoast SEO plugin. -->","yoast_head_json":{"title":"BUSCANDO EL REGALO IDEAL PARA EL BEBE DE MIRIAM, MARIO!!! - Eventos Leyton","robots":{"index":"index","follow":"follow","max-snippet":"max-snippet:-1","max-image-preview":"max-image-preview:large","max-video-preview":"max-video-preview:-1"},"canonical":"https:\/\/eventosleyton.es\/index.php\/2015\/01\/27\/buscando-el-regalo-ideal-para-el-bebe-de-miriam-mario\/","og_locale":"es_ES","og_type":"article","og_title":"BUSCANDO EL REGALO IDEAL PARA EL BEBE DE MIRIAM, MARIO!!! - Eventos Leyton","og_description":"Buenas a tod@s: Cuando mi mejor amiga, Miriam, me avis\u00f3 para decirme que ya hab\u00eda nacido Mario, me llev\u00e9 todo el d\u00eda pensando que regalarle. Como ya sab\u00e9is algunos, soy mam\u00e1 desde hace unos a\u00f1os, pero a\u00fan recuerdo aquel maravilloso d\u00eda en el que mi hijo naci\u00f3. Por tanto, s\u00e9 lo que es tener todo [&hellip;]","og_url":"https:\/\/eventosleyton.es\/index.php\/2015\/01\/27\/buscando-el-regalo-ideal-para-el-bebe-de-miriam-mario\/","og_site_name":"Eventos Leyton","article_published_time":"2015-01-27T00:00:00+00:00","article_modified_time":"2025-11-28T11:58:29+00:00","og_image":[{"url":"https:\/\/eventosleyton.files.wordpress.com\/2015\/01\/document.jpg?w=266","type":"","width":"","height":""}],"author":"eventosLeyton","twitter_card":"summary_large_image","twitter_misc":{"Escrito por":"eventosLeyton"},"schema":{"@context":"https:\/\/schema.org","@graph":[{"@type":"Article","@id":"https:\/\/eventosleyton.es\/index.php\/2015\/01\/27\/buscando-el-regalo-ideal-para-el-bebe-de-miriam-mario\/#article","isPartOf":{"@id":"https:\/\/eventosleyton.es\/index.php\/2015\/01\/27\/buscando-el-regalo-ideal-para-el-bebe-de-miriam-mario\/"},"author":{"name":"eventosLeyton","@id":"https:\/\/eventosleyton.es\/#\/schema\/person\/69fcc178955eee09d29e793e5ffa5a08"},"headline":"BUSCANDO EL REGALO IDEAL PARA EL BEBE DE MIRIAM, MARIO!!!","datePublished":"2015-01-27T00:00:00+00:00","dateModified":"2025-11-28T11:58:29+00:00","mainEntityOfPage":{"@id":"https:\/\/eventosleyton.es\/index.php\/2015\/01\/27\/buscando-el-regalo-ideal-para-el-bebe-de-miriam-mario\/"},"wordCount":452,"publisher":{"@id":"https:\/\/eventosleyton.es\/#organization"},"image":{"@id":"https:\/\/eventosleyton.es\/index.php\/2015\/01\/27\/buscando-el-regalo-ideal-para-el-bebe-de-miriam-mario\/#primaryimage"},"thumbnailUrl":"https:\/\/eventosleyton.files.wordpress.com\/2015\/01\/document.jpg?w=266","keywords":["detalles para beb\u00e9 en Jerez de la Frontera","EventosLeyton","guirnalda nombre","l\u00e1mina de nacimiento beb\u00e9","Mario","Miriam","regalo con cari\u00f1o","regalo original bebe"],"inLanguage":"es"},{"@type":"WebPage","@id":"https:\/\/eventosleyton.es\/index.php\/2015\/01\/27\/buscando-el-regalo-ideal-para-el-bebe-de-miriam-mario\/","url":"https:\/\/eventosleyton.es\/index.php\/2015\/01\/27\/buscando-el-regalo-ideal-para-el-bebe-de-miriam-mario\/","name":"BUSCANDO EL REGALO IDEAL PARA EL BEBE DE MIRIAM, MARIO!!! - Eventos Leyton","isPartOf":{"@id":"https:\/\/eventosleyton.es\/#website"},"primaryImageOfPage":{"@id":"https:\/\/eventosleyton.es\/index.php\/2015\/01\/27\/buscando-el-regalo-ideal-para-el-bebe-de-miriam-mario\/#primaryimage"},"image":{"@id":"https:\/\/eventosleyton.es\/index.php\/2015\/01\/27\/buscando-el-regalo-ideal-para-el-bebe-de-miriam-mario\/#primaryimage"},"thumbnailUrl":"https:\/\/eventosleyton.files.wordpress.com\/2015\/01\/document.jpg?w=266","datePublished":"2015-01-27T00:00:00+00:00","dateModified":"2025-11-28T11:58:29+00:00","breadcrumb":{"@id":"https:\/\/eventosleyton.es\/index.php\/2015\/01\/27\/buscando-el-regalo-ideal-para-el-bebe-de-miriam-mario\/#breadcrumb"},"inLanguage":"es","potentialAction":[{"@type":"ReadAction","target":["https:\/\/eventosleyton.es\/index.php\/2015\/01\/27\/buscando-el-regalo-ideal-para-el-bebe-de-miriam-mario\/"]}]},{"@type":"ImageObject","inLanguage":"es","@id":"https:\/\/eventosleyton.es\/index.php\/2015\/01\/27\/buscando-el-regalo-ideal-para-el-bebe-de-miriam-mario\/#primaryimage","url":"https:\/\/eventosleyton.files.wordpress.com\/2015\/01\/document.jpg?w=266","contentUrl":"https:\/\/eventosleyton.files.wordpress.com\/2015\/01\/document.jpg?w=266"},{"@type":"BreadcrumbList","@id":"https:\/\/eventosleyton.es\/index.php\/2015\/01\/27\/buscando-el-regalo-ideal-para-el-bebe-de-miriam-mario\/#breadcrumb","itemListElement":[{"@type":"ListItem","position":1,"name":"Home","item":"https:\/\/eventosleyton.es\/"},{"@type":"ListItem","position":2,"name":"BUSCANDO EL REGALO IDEAL PARA EL BEBE DE MIRIAM, MARIO!!!"}]},{"@type":"WebSite","@id":"https:\/\/eventosleyton.es\/#website","url":"https:\/\/eventosleyton.es\/","name":"Eventos Leyton","description":"Wedding &amp; Party Center","publisher":{"@id":"https:\/\/eventosleyton.es\/#organization"},"potentialAction":[{"@type":"SearchAction","target":{"@type":"EntryPoint","urlTemplate":"https:\/\/eventosleyton.es\/?s={search_term_string}"},"query-input":{"@type":"PropertyValueSpecification","valueRequired":true,"valueName":"search_term_string"}}],"inLanguage":"es"},{"@type":"Organization","@id":"https:\/\/eventosleyton.es\/#organization","name":"Eventos Leyton","url":"https:\/\/eventosleyton.es\/","logo":{"@type":"ImageObject","inLanguage":"es","@id":"https:\/\/eventosleyton.es\/#\/schema\/logo\/image\/","url":"https:\/\/eventosleyton.es\/wp-content\/uploads\/2020\/08\/cropped-logo.png","contentUrl":"https:\/\/eventosleyton.es\/wp-content\/uploads\/2020\/08\/cropped-logo.png","width":257,"height":200,"caption":"Eventos Leyton"},"image":{"@id":"https:\/\/eventosleyton.es\/#\/schema\/logo\/image\/"}},{"@type":"Person","@id":"https:\/\/eventosleyton.es\/#\/schema\/person\/69fcc178955eee09d29e793e5ffa5a08","name":"eventosLeyton","image":{"@type":"ImageObject","inLanguage":"es","@id":"https:\/\/secure.gravatar.com\/avatar\/21ff8cfdff0960201c50f0055a760c36f291433a98804423672826b17e6658c9?s=96&d=mm&r=g","url":"https:\/\/secure.gravatar.com\/avatar\/21ff8cfdff0960201c50f0055a760c36f291433a98804423672826b17e6658c9?s=96&d=mm&r=g","contentUrl":"https:\/\/secure.gravatar.com\/avatar\/21ff8cfdff0960201c50f0055a760c36f291433a98804423672826b17e6658c9?s=96&d=mm&r=g","caption":"eventosLeyton"},"sameAs":["https:\/\/eventosleyton.es"],"url":"https:\/\/eventosleyton.es\/index.php\/author\/eventosleyton\/"}]}},"_links":{"self":[{"href":"https:\/\/eventosleyton.es\/index.php\/wp-json\/wp\/v2\/posts\/104","targetHints":{"allow":["GET"]}}],"collection":[{"href":"https:\/\/eventosleyton.es\/index.php\/wp-json\/wp\/v2\/posts"}],"about":[{"href":"https:\/\/eventosleyton.es\/index.php\/wp-json\/wp\/v2\/types\/post"}],"author":[{"embeddable":true,"href":"https:\/\/eventosleyton.es\/index.php\/wp-json\/wp\/v2\/users\/1"}],"replies":[{"embeddable":true,"href":"https:\/\/eventosleyton.es\/index.php\/wp-json\/wp\/v2\/comments?post=104"}],"version-history":[{"count":4,"href":"https:\/\/eventosleyton.es\/index.php\/wp-json\/wp\/v2\/posts\/104\/revisions"}],"predecessor-version":[{"id":596,"href":"https:\/\/eventosleyton.es\/index.php\/wp-json\/wp\/v2\/posts\/104\/revisions\/596"}],"wp:attachment":[{"href":"https:\/\/eventosleyton.es\/index.php\/wp-json\/wp\/v2\/media?parent=104"}],"wp:term":[{"taxonomy":"category","embeddable":true,"href":"https:\/\/eventosleyton.es\/index.php\/wp-json\/wp\/v2\/categories?post=104"},{"taxonomy":"post_tag","embeddable":true,"href":"https:\/\/eventosleyton.es\/index.php\/wp-json\/wp\/v2\/tags?post=104"}],"curies":[{"name":"wp","href":"https:\/\/api.w.org\/{rel}","templated":true}]}}